{"id":14431,"date":"2022-07-03T10:41:20","date_gmt":"2022-07-03T07:41:20","guid":{"rendered":"https:\/\/lyceefrancaismlfbahrein.com\/?p=14431"},"modified":"2022-09-26T14:21:07","modified_gmt":"2022-09-26T11:21:07","slug":"rentree-2022","status":"publish","type":"post","link":"https:\/\/lyceefrancaismlfbahrein.com\/ar\/2022\/07\/03\/rentree-2022\/","title":{"rendered":"Information rentr\u00e9e 2022"},"content":{"rendered":"<h2>Rentr\u00e9e des \u00e9l\u00e8ves coll\u00e8ge lyc\u00e9e &#8211; dimanche 04 -09-2022<\/h2>\n<p><span style=\"color: #0000ff;\">Classes de 6\u00e8me<\/span><\/p>\n<p>Horaire de rentr\u00e9e : 7h45<br \/>\nHoraire de sortie : 9h35<br \/>\n7h45 &#8211; 8h40 : rencontre parents &#8211; direction \/ \u00e9l\u00e8ves en classe avec le professeur principal<br \/>\n8h40 &#8211; 9h35 : assembl\u00e9e des \u00e9l\u00e8ves \/ parents en classe avec le professeur principal<br \/>\n9h35 &#8211; 9h50 : petite r\u00e9cr\u00e9ation, d\u00e9part des 6\u00e8mes et arriv\u00e9e des 5e\/4e<\/p>\n<p>&nbsp;<\/p>\n<p><span style=\"color: #0000ff;\">Classes de 5\u00e8me 4\u00e8me<\/span><\/p>\n<p>Horaire de rentr\u00e9e : 9h50<br \/>\nHoraire de sortie : 11h30<br \/>\n9h50 &#8211; 10h45 : \u00e9l\u00e8ves 5e\/ 4e en classe avec le professeur principal<br \/>\n10h45 &#8211; 11h30 : Assembl\u00e9e des \u00e9l\u00e8ves &#8211; auditorium<br \/>\n11h30 : d\u00e9part des 5\u00e8me\/4\u00e8me, \u00e0 partir de 12h20 arriv\u00e9e des 3\u00e8me + Lyc\u00e9ens<\/p>\n<p>&nbsp;<\/p>\n<p><span style=\"color: #0000ff;\">3\u00e8me 2nde, 1\u00e8re , Ter :<\/span><br \/>\nHoraire de rentr\u00e9e : 12h20<br \/>\nHoraire de sortie : 14h30<br \/>\n12h35 &#8211; 13h30 : lyc\u00e9ens en classe avec le professeur principal \/ 3\u00e8me \u00e0 l&#8217;auditorium<br \/>\n13h30 &#8211; 14h25 : 3\u00e8me et Ter en classe avec le professeur principal<\/p>\n<p>&nbsp;<\/p>\n<p>&nbsp;<\/p>\n<p><span style=\"color: #ff0000;\">Toutes les entr\u00e9es et sorties se feront par le portail du b\u00e2timent 2nd degr\u00e9 (administration).<\/span><\/p>\n","protected":false},"excerpt":{"rendered":"<p>Rentr\u00e9e des \u00e9l\u00e8ves coll\u00e8ge lyc\u00e9e &#8211; dimanche 04 -09-2022 Classes de 6\u00e8me Horaire de rentr\u00e9e : 7h45 Horaire de sortie&#8230;<\/p>\n","protected":false},"author":4,"featured_media":14649,"comment_status":"closed","ping_status":"open","sticky":false,"template":"","format":"standard","meta":{"_jetpack_newsletter_access":"","_jetpack_dont_email_post_to_subs":false,"_jetpack_newsletter_tier_id":0,"_jetpack_memberships_contains_paywalled_content":false,"two_page_speed":[],"_jetpack_memberships_contains_paid_content":false,"footnotes":"","jetpack_publicize_message":"","jetpack_publicize_feature_enabled":true,"jetpack_social_post_already_shared":true,"jetpack_social_options":{"image_generator_settings":{"template":"highway","default_image_id":0,"font":"","enabled":false},"version":2},"_wpas_customize_per_network":false,"jetpack_post_was_ever_published":false},"categories":[1424],"tags":[],"class_list":["post-14431","post","type-post","status-publish","format-standard","has-post-thumbnail","hentry","category-1424"],"yoast_head":"<!-- This site is optimized with the Yoast SEO plugin v27.4 - https:\/\/yoast.com\/product\/yoast-seo-wordpress\/ -->\n<title>Information rentr\u00e9e 2022 - \u0627\u0644\u0645\u062f\u0631\u0633\u0629 \u0627\u0644\u0641\u0631\u0646\u0633\u064a\u0629 \u0641\u064a \u0627\u0644\u0628\u062d\u0631\u064a\u0646<\/title>\n<meta name=\"robots\" content=\"index, follow, max-snippet:-1, max-image-preview:large, max-video-preview:-1\" \/>\n<link rel=\"canonical\" href=\"https:\/\/lyceefrancaismlfbahrein.com\/2022\/07\/03\/rentree-2022\/\" \/>\n<meta property=\"og:locale\" content=\"ar_AR\" \/>\n<meta property=\"og:type\" content=\"article\" \/>\n<meta property=\"og:title\" content=\"Information rentr\u00e9e 2022 - \u0627\u0644\u0645\u062f\u0631\u0633\u0629 \u0627\u0644\u0641\u0631\u0646\u0633\u064a\u0629 \u0641\u064a \u0627\u0644\u0628\u062d\u0631\u064a\u0646\" \/>\n<meta property=\"og:description\" content=\"Rentr\u00e9e des \u00e9l\u00e8ves coll\u00e8ge lyc\u00e9e &#8211; dimanche 04 -09-2022 Classes de 6\u00e8me Horaire de rentr\u00e9e : 7h45 Horaire de sortie...\" \/>\n<meta property=\"og:url\" content=\"https:\/\/lyceefrancaismlfbahrein.com\/2022\/07\/03\/rentree-2022\/\" \/>\n<meta property=\"og:site_name\" content=\"\u0627\u0644\u0645\u062f\u0631\u0633\u0629 \u0627\u0644\u0641\u0631\u0646\u0633\u064a\u0629 \u0641\u064a \u0627\u0644\u0628\u062d\u0631\u064a\u0646\" \/>\n<meta property=\"article:publisher\" content=\"https:\/\/www.facebook.com\/lyceefrancaisbahrein\/\" \/>\n<meta property=\"article:published_time\" content=\"2022-07-03T07:41:20+00:00\" \/>\n<meta property=\"article:modified_time\" content=\"2022-09-26T11:21:07+00:00\" \/>\n<meta property=\"og:image\" content=\"https:\/\/lyceefrancaismlfbahrein.com\/wp-content\/uploads\/2022\/07\/rentree-site.jpg\" \/>\n\t<meta property=\"og:image:width\" content=\"1680\" \/>\n\t<meta property=\"og:image:height\" content=\"1120\" \/>\n\t<meta property=\"og:image:type\" content=\"image\/jpeg\" \/>\n<meta name=\"author\" content=\"Communication LFIB\" \/>\n<meta name=\"twitter:card\" content=\"summary_large_image\" \/>\n<meta name=\"twitter:label1\" content=\"\u0643\u064f\u062a\u0628 \u0628\u0648\u0627\u0633\u0637\u0629\" \/>\n\t<meta name=\"twitter:data1\" content=\"Communication LFIB\" \/>\n\t<meta name=\"twitter:label2\" content=\"\u0648\u0642\u062a \u0627\u0644\u0642\u0631\u0627\u0621\u0629 \u0627\u0644\u0645\u064f\u0642\u062f\u0651\u0631\" \/>\n\t<meta name=\"twitter:data2\" content=\"1 \u062f\u0642\u064a\u0642\u0629\" \/>\n<script type=\"application\/ld+json\" class=\"yoast-schema-graph\">{\"@context\":\"https:\\\/\\\/schema.org\",\"@graph\":[{\"@type\":\"Article\",\"@id\":\"https:\\\/\\\/lyceefrancaismlfbahrein.com\\\/2022\\\/07\\\/03\\\/rentree-2022\\\/#article\",\"isPartOf\":{\"@id\":\"https:\\\/\\\/lyceefrancaismlfbahrein.com\\\/2022\\\/07\\\/03\\\/rentree-2022\\\/\"},\"author\":{\"name\":\"Communication LFIB\",\"@id\":\"https:\\\/\\\/lyceefrancaismlfbahrein.com\\\/#\\\/schema\\\/person\\\/39bcbc776c882060bddb18bfec232f83\"},\"headline\":\"Information rentr\u00e9e 2022\",\"datePublished\":\"2022-07-03T07:41:20+00:00\",\"dateModified\":\"2022-09-26T11:21:07+00:00\",\"mainEntityOfPage\":{\"@id\":\"https:\\\/\\\/lyceefrancaismlfbahrein.com\\\/2022\\\/07\\\/03\\\/rentree-2022\\\/\"},\"wordCount\":186,\"image\":{\"@id\":\"https:\\\/\\\/lyceefrancaismlfbahrein.com\\\/2022\\\/07\\\/03\\\/rentree-2022\\\/#primaryimage\"},\"thumbnailUrl\":\"https:\\\/\\\/lyceefrancaismlfbahrein.com\\\/wp-content\\\/uploads\\\/2022\\\/07\\\/rentree-site.jpg\",\"articleSection\":[\"\u0623\u0631\u0634\u064a\u0641 \u0627\u0644\u0645\u062f\u0631\u0633\u0629 \u0627\u0644\u062b\u0627\u0646\u0648\u064a\u0629\"],\"inLanguage\":\"ar\"},{\"@type\":\"WebPage\",\"@id\":\"https:\\\/\\\/lyceefrancaismlfbahrein.com\\\/2022\\\/07\\\/03\\\/rentree-2022\\\/\",\"url\":\"https:\\\/\\\/lyceefrancaismlfbahrein.com\\\/2022\\\/07\\\/03\\\/rentree-2022\\\/\",\"name\":\"Information rentr\u00e9e 2022 - \u0627\u0644\u0645\u062f\u0631\u0633\u0629 \u0627\u0644\u0641\u0631\u0646\u0633\u064a\u0629 \u0641\u064a \u0627\u0644\u0628\u062d\u0631\u064a\u0646\",\"isPartOf\":{\"@id\":\"https:\\\/\\\/lyceefrancaismlfbahrein.com\\\/#website\"},\"primaryImageOfPage\":{\"@id\":\"https:\\\/\\\/lyceefrancaismlfbahrein.com\\\/2022\\\/07\\\/03\\\/rentree-2022\\\/#primaryimage\"},\"image\":{\"@id\":\"https:\\\/\\\/lyceefrancaismlfbahrein.com\\\/2022\\\/07\\\/03\\\/rentree-2022\\\/#primaryimage\"},\"thumbnailUrl\":\"https:\\\/\\\/lyceefrancaismlfbahrein.com\\\/wp-content\\\/uploads\\\/2022\\\/07\\\/rentree-site.jpg\",\"datePublished\":\"2022-07-03T07:41:20+00:00\",\"dateModified\":\"2022-09-26T11:21:07+00:00\",\"author\":{\"@id\":\"https:\\\/\\\/lyceefrancaismlfbahrein.com\\\/#\\\/schema\\\/person\\\/39bcbc776c882060bddb18bfec232f83\"},\"breadcrumb\":{\"@id\":\"https:\\\/\\\/lyceefrancaismlfbahrein.com\\\/2022\\\/07\\\/03\\\/rentree-2022\\\/#breadcrumb\"},\"inLanguage\":\"ar\",\"potentialAction\":[{\"@type\":\"ReadAction\",\"target\":[\"https:\\\/\\\/lyceefrancaismlfbahrein.com\\\/2022\\\/07\\\/03\\\/rentree-2022\\\/\"]}]},{\"@type\":\"ImageObject\",\"inLanguage\":\"ar\",\"@id\":\"https:\\\/\\\/lyceefrancaismlfbahrein.com\\\/2022\\\/07\\\/03\\\/rentree-2022\\\/#primaryimage\",\"url\":\"https:\\\/\\\/lyceefrancaismlfbahrein.com\\\/wp-content\\\/uploads\\\/2022\\\/07\\\/rentree-site.jpg\",\"contentUrl\":\"https:\\\/\\\/lyceefrancaismlfbahrein.com\\\/wp-content\\\/uploads\\\/2022\\\/07\\\/rentree-site.jpg\",\"width\":1680,\"height\":1120},{\"@type\":\"BreadcrumbList\",\"@id\":\"https:\\\/\\\/lyceefrancaismlfbahrein.com\\\/2022\\\/07\\\/03\\\/rentree-2022\\\/#breadcrumb\",\"itemListElement\":[{\"@type\":\"ListItem\",\"position\":1,\"name\":\"Accueil\",\"item\":\"https:\\\/\\\/lyceefrancaismlfbahrein.com\\\/ar\\\/\"},{\"@type\":\"ListItem\",\"position\":2,\"name\":\"Information rentr\u00e9e 2022\"}]},{\"@type\":\"WebSite\",\"@id\":\"https:\\\/\\\/lyceefrancaismlfbahrein.com\\\/#website\",\"url\":\"https:\\\/\\\/lyceefrancaismlfbahrein.com\\\/\",\"name\":\"French International School of Bahrain\",\"description\":\"\u062b\u0642\u0627\u0641\u062a\u0627\u0646 \u060c \u062b\u0644\u0627\u062b \u0644\u063a\u0627\u062a\",\"potentialAction\":[{\"@type\":\"SearchAction\",\"target\":{\"@type\":\"EntryPoint\",\"urlTemplate\":\"https:\\\/\\\/lyceefrancaismlfbahrein.com\\\/?s={search_term_string}\"},\"query-input\":{\"@type\":\"PropertyValueSpecification\",\"valueRequired\":true,\"valueName\":\"search_term_string\"}}],\"inLanguage\":\"ar\"},{\"@type\":\"Person\",\"@id\":\"https:\\\/\\\/lyceefrancaismlfbahrein.com\\\/#\\\/schema\\\/person\\\/39bcbc776c882060bddb18bfec232f83\",\"name\":\"Communication LFIB\",\"image\":{\"@type\":\"ImageObject\",\"inLanguage\":\"ar\",\"@id\":\"https:\\\/\\\/secure.gravatar.com\\\/avatar\\\/0fa22fa0cd3911b46888919d4a50c53337f6589abd80ebec3c12c3b96600c457?s=96&d=identicon&r=g\",\"url\":\"https:\\\/\\\/secure.gravatar.com\\\/avatar\\\/0fa22fa0cd3911b46888919d4a50c53337f6589abd80ebec3c12c3b96600c457?s=96&d=identicon&r=g\",\"contentUrl\":\"https:\\\/\\\/secure.gravatar.com\\\/avatar\\\/0fa22fa0cd3911b46888919d4a50c53337f6589abd80ebec3c12c3b96600c457?s=96&d=identicon&r=g\",\"caption\":\"Communication LFIB\"},\"url\":\"https:\\\/\\\/lyceefrancaismlfbahrein.com\\\/ar\\\/author\\\/benedictebessette\\\/\"}]}<\/script>\n<!-- \/ Yoast SEO plugin. -->","yoast_head_json":{"title":"Information rentr\u00e9e 2022 - \u0627\u0644\u0645\u062f\u0631\u0633\u0629 \u0627\u0644\u0641\u0631\u0646\u0633\u064a\u0629 \u0641\u064a \u0627\u0644\u0628\u062d\u0631\u064a\u0646","robots":{"index":"index","follow":"follow","max-snippet":"max-snippet:-1","max-image-preview":"max-image-preview:large","max-video-preview":"max-video-preview:-1"},"canonical":"https:\/\/lyceefrancaismlfbahrein.com\/2022\/07\/03\/rentree-2022\/","og_locale":"ar_AR","og_type":"article","og_title":"Information rentr\u00e9e 2022 - \u0627\u0644\u0645\u062f\u0631\u0633\u0629 \u0627\u0644\u0641\u0631\u0646\u0633\u064a\u0629 \u0641\u064a \u0627\u0644\u0628\u062d\u0631\u064a\u0646","og_description":"Rentr\u00e9e des \u00e9l\u00e8ves coll\u00e8ge lyc\u00e9e &#8211; dimanche 04 -09-2022 Classes de 6\u00e8me Horaire de rentr\u00e9e : 7h45 Horaire de sortie...","og_url":"https:\/\/lyceefrancaismlfbahrein.com\/2022\/07\/03\/rentree-2022\/","og_site_name":"\u0627\u0644\u0645\u062f\u0631\u0633\u0629 \u0627\u0644\u0641\u0631\u0646\u0633\u064a\u0629 \u0641\u064a \u0627\u0644\u0628\u062d\u0631\u064a\u0646","article_publisher":"https:\/\/www.facebook.com\/lyceefrancaisbahrein\/","article_published_time":"2022-07-03T07:41:20+00:00","article_modified_time":"2022-09-26T11:21:07+00:00","og_image":[{"width":1680,"height":1120,"url":"https:\/\/lyceefrancaismlfbahrein.com\/wp-content\/uploads\/2022\/07\/rentree-site.jpg","type":"image\/jpeg"}],"author":"Communication LFIB","twitter_card":"summary_large_image","twitter_misc":{"\u0643\u064f\u062a\u0628 \u0628\u0648\u0627\u0633\u0637\u0629":"Communication LFIB","\u0648\u0642\u062a \u0627\u0644\u0642\u0631\u0627\u0621\u0629 \u0627\u0644\u0645\u064f\u0642\u062f\u0651\u0631":"1 \u062f\u0642\u064a\u0642\u0629"},"schema":{"@context":"https:\/\/schema.org","@graph":[{"@type":"Article","@id":"https:\/\/lyceefrancaismlfbahrein.com\/2022\/07\/03\/rentree-2022\/#article","isPartOf":{"@id":"https:\/\/lyceefrancaismlfbahrein.com\/2022\/07\/03\/rentree-2022\/"},"author":{"name":"Communication LFIB","@id":"https:\/\/lyceefrancaismlfbahrein.com\/#\/schema\/person\/39bcbc776c882060bddb18bfec232f83"},"headline":"Information rentr\u00e9e 2022","datePublished":"2022-07-03T07:41:20+00:00","dateModified":"2022-09-26T11:21:07+00:00","mainEntityOfPage":{"@id":"https:\/\/lyceefrancaismlfbahrein.com\/2022\/07\/03\/rentree-2022\/"},"wordCount":186,"image":{"@id":"https:\/\/lyceefrancaismlfbahrein.com\/2022\/07\/03\/rentree-2022\/#primaryimage"},"thumbnailUrl":"https:\/\/lyceefrancaismlfbahrein.com\/wp-content\/uploads\/2022\/07\/rentree-site.jpg","articleSection":["\u0623\u0631\u0634\u064a\u0641 \u0627\u0644\u0645\u062f\u0631\u0633\u0629 \u0627\u0644\u062b\u0627\u0646\u0648\u064a\u0629"],"inLanguage":"ar"},{"@type":"WebPage","@id":"https:\/\/lyceefrancaismlfbahrein.com\/2022\/07\/03\/rentree-2022\/","url":"https:\/\/lyceefrancaismlfbahrein.com\/2022\/07\/03\/rentree-2022\/","name":"Information rentr\u00e9e 2022 - \u0627\u0644\u0645\u062f\u0631\u0633\u0629 \u0627\u0644\u0641\u0631\u0646\u0633\u064a\u0629 \u0641\u064a \u0627\u0644\u0628\u062d\u0631\u064a\u0646","isPartOf":{"@id":"https:\/\/lyceefrancaismlfbahrein.com\/#website"},"primaryImageOfPage":{"@id":"https:\/\/lyceefrancaismlfbahrein.com\/2022\/07\/03\/rentree-2022\/#primaryimage"},"image":{"@id":"https:\/\/lyceefrancaismlfbahrein.com\/2022\/07\/03\/rentree-2022\/#primaryimage"},"thumbnailUrl":"https:\/\/lyceefrancaismlfbahrein.com\/wp-content\/uploads\/2022\/07\/rentree-site.jpg","datePublished":"2022-07-03T07:41:20+00:00","dateModified":"2022-09-26T11:21:07+00:00","author":{"@id":"https:\/\/lyceefrancaismlfbahrein.com\/#\/schema\/person\/39bcbc776c882060bddb18bfec232f83"},"breadcrumb":{"@id":"https:\/\/lyceefrancaismlfbahrein.com\/2022\/07\/03\/rentree-2022\/#breadcrumb"},"inLanguage":"ar","potentialAction":[{"@type":"ReadAction","target":["https:\/\/lyceefrancaismlfbahrein.com\/2022\/07\/03\/rentree-2022\/"]}]},{"@type":"ImageObject","inLanguage":"ar","@id":"https:\/\/lyceefrancaismlfbahrein.com\/2022\/07\/03\/rentree-2022\/#primaryimage","url":"https:\/\/lyceefrancaismlfbahrein.com\/wp-content\/uploads\/2022\/07\/rentree-site.jpg","contentUrl":"https:\/\/lyceefrancaismlfbahrein.com\/wp-content\/uploads\/2022\/07\/rentree-site.jpg","width":1680,"height":1120},{"@type":"BreadcrumbList","@id":"https:\/\/lyceefrancaismlfbahrein.com\/2022\/07\/03\/rentree-2022\/#breadcrumb","itemListElement":[{"@type":"ListItem","position":1,"name":"Accueil","item":"https:\/\/lyceefrancaismlfbahrein.com\/ar\/"},{"@type":"ListItem","position":2,"name":"Information rentr\u00e9e 2022"}]},{"@type":"WebSite","@id":"https:\/\/lyceefrancaismlfbahrein.com\/#website","url":"https:\/\/lyceefrancaismlfbahrein.com\/","name":"French International School of Bahrain","description":"\u062b\u0642\u0627\u0641\u062a\u0627\u0646 \u060c \u062b\u0644\u0627\u062b \u0644\u063a\u0627\u062a","potentialAction":[{"@type":"SearchAction","target":{"@type":"EntryPoint","urlTemplate":"https:\/\/lyceefrancaismlfbahrein.com\/?s={search_term_string}"},"query-input":{"@type":"PropertyValueSpecification","valueRequired":true,"valueName":"search_term_string"}}],"inLanguage":"ar"},{"@type":"Person","@id":"https:\/\/lyceefrancaismlfbahrein.com\/#\/schema\/person\/39bcbc776c882060bddb18bfec232f83","name":"Communication LFIB","image":{"@type":"ImageObject","inLanguage":"ar","@id":"https:\/\/secure.gravatar.com\/avatar\/0fa22fa0cd3911b46888919d4a50c53337f6589abd80ebec3c12c3b96600c457?s=96&d=identicon&r=g","url":"https:\/\/secure.gravatar.com\/avatar\/0fa22fa0cd3911b46888919d4a50c53337f6589abd80ebec3c12c3b96600c457?s=96&d=identicon&r=g","contentUrl":"https:\/\/secure.gravatar.com\/avatar\/0fa22fa0cd3911b46888919d4a50c53337f6589abd80ebec3c12c3b96600c457?s=96&d=identicon&r=g","caption":"Communication LFIB"},"url":"https:\/\/lyceefrancaismlfbahrein.com\/ar\/author\/benedictebessette\/"}]}},"jetpack_publicize_connections":[],"jetpack_featured_media_url":"https:\/\/lyceefrancaismlfbahrein.com\/wp-content\/uploads\/2022\/07\/rentree-site.jpg","jetpack_sharing_enabled":true,"jetpack_shortlink":"https:\/\/wp.me\/parQJg-3KL","jetpack_likes_enabled":true,"amp_enabled":true,"_links":{"self":[{"href":"https:\/\/lyceefrancaismlfbahrein.com\/ar\/wp-json\/wp\/v2\/posts\/14431","targetHints":{"allow":["GET"]}}],"collection":[{"href":"https:\/\/lyceefrancaismlfbahrein.com\/ar\/wp-json\/wp\/v2\/posts"}],"about":[{"href":"https:\/\/lyceefrancaismlfbahrein.com\/ar\/wp-json\/wp\/v2\/types\/post"}],"author":[{"embeddable":true,"href":"https:\/\/lyceefrancaismlfbahrein.com\/ar\/wp-json\/wp\/v2\/users\/4"}],"replies":[{"embeddable":true,"href":"https:\/\/lyceefrancaismlfbahrein.com\/ar\/wp-json\/wp\/v2\/comments?post=14431"}],"version-history":[{"count":6,"href":"https:\/\/lyceefrancaismlfbahrein.com\/ar\/wp-json\/wp\/v2\/posts\/14431\/revisions"}],"predecessor-version":[{"id":15302,"href":"https:\/\/lyceefrancaismlfbahrein.com\/ar\/wp-json\/wp\/v2\/posts\/14431\/revisions\/15302"}],"wp:featuredmedia":[{"embeddable":true,"href":"https:\/\/lyceefrancaismlfbahrein.com\/ar\/wp-json\/wp\/v2\/media\/14649"}],"wp:attachment":[{"href":"https:\/\/lyceefrancaismlfbahrein.com\/ar\/wp-json\/wp\/v2\/media?parent=14431"}],"wp:term":[{"taxonomy":"category","embeddable":true,"href":"https:\/\/lyceefrancaismlfbahrein.com\/ar\/wp-json\/wp\/v2\/categories?post=14431"},{"taxonomy":"post_tag","embeddable":true,"href":"https:\/\/lyceefrancaismlfbahrein.com\/ar\/wp-json\/wp\/v2\/tags?post=14431"}],"curies":[{"name":"wp","href":"https:\/\/api.w.org\/{rel}","templated":true}]}}